{"id":27290,"date":"2026-01-16T11:57:27","date_gmt":"2026-01-16T10:57:27","guid":{"rendered":"https:\/\/www.collinder.se\/?p=27290"},"modified":"2026-01-16T11:59:10","modified_gmt":"2026-01-16T10:59:10","slug":"euro-expo-in-falun-2026","status":"publish","type":"post","link":"https:\/\/www.collinder.se\/en\/euro-expo-i-falun-2026\/","title":{"rendered":"Euro Expo in Falun"},"content":{"rendered":"<h1 class=\"thinner\"><strong>Euro Expo in Falun <\/strong><strong>\ud83d\udc65<\/strong><\/h1>\n<p class=\"ingress\">We are looking forward to two rewarding days at the fair on 26-27 August.<br \/>\nStop by our stand and see how we, as the most caring partner in the market, can help your business reach the next level in signage, labelling and safety.<\/p>\n<h3 class=\"smaller\">Location<\/h3>\n<p>Lugnet sports hall<br \/>\nLugnetv\u00e4gen 5, 791 31 Falun<\/p>\n<p>Wednesday 26 August 08-16<br \/>\nThursday 27 August 08-16<\/p>\n<p>Between 08-09, coffee and sandwiches will be served in the entrance hall.<\/p>","protected":false},"excerpt":{"rendered":"Euro Expo i Falun \ud83d\udc65 Vi ser fram emot tv\u00e5 givande m\u00e4ssdagar den 26-27 augusti. Kom f\u00f6rbi v\u00e5r monter och se hur vi som marknadens mest omt\u00e4nksamma partner kan se till att ert f\u00f6retag n\u00e5r n\u00e4sta niv\u00e5 inom skyltning, m\u00e4rkning och s\u00e4kerhet. Plats Lugnets sporthall Lugnetv\u00e4gen 5, 791 31 Falun\u200b\u200b\u200b\u200b\u200b\u200b\u200b Onsdag 26 augusti 08-16 Torsdag &#8230;","protected":false},"author":109357,"featured_media":595,"comment_status":"closed","ping_status":"closed","sticky":false,"template":"","format":"standard","meta":{"_acf_changed":false,"footnotes":""},"categories":[17],"tags":[],"class_list":["post-27290","post","type-post","status-publish","format-standard","has-post-thumbnail","hentry","category-kommande"],"acf":[],"_links":{"self":[{"href":"https:\/\/www.collinder.se\/en\/wp-json\/wp\/v2\/posts\/27290","targetHints":{"allow":["GET"]}}],"collection":[{"href":"https:\/\/www.collinder.se\/en\/wp-json\/wp\/v2\/posts"}],"about":[{"href":"https:\/\/www.collinder.se\/en\/wp-json\/wp\/v2\/types\/post"}],"author":[{"embeddable":true,"href":"https:\/\/www.collinder.se\/en\/wp-json\/wp\/v2\/users\/109357"}],"replies":[{"embeddable":true,"href":"https:\/\/www.collinder.se\/en\/wp-json\/wp\/v2\/comments?post=27290"}],"version-history":[{"count":0,"href":"https:\/\/www.collinder.se\/en\/wp-json\/wp\/v2\/posts\/27290\/revisions"}],"wp:featuredmedia":[{"embeddable":true,"href":"https:\/\/www.collinder.se\/en\/wp-json\/wp\/v2\/media\/595"}],"wp:attachment":[{"href":"https:\/\/www.collinder.se\/en\/wp-json\/wp\/v2\/media?parent=27290"}],"wp:term":[{"taxonomy":"category","embeddable":true,"href":"https:\/\/www.collinder.se\/en\/wp-json\/wp\/v2\/categories?post=27290"},{"taxonomy":"post_tag","embeddable":true,"href":"https:\/\/www.collinder.se\/en\/wp-json\/wp\/v2\/tags?post=27290"}],"curies":[{"name":"wp","href":"https:\/\/api.w.org\/{rel}","templated":true}]}}